{"id":233,"date":"2018-05-03T13:07:09","date_gmt":"2018-05-03T11:07:09","guid":{"rendered":"http:\/\/ostravskamuzejninoc.cz\/2018\/?p=233"},"modified":"2018-05-31T09:23:00","modified_gmt":"2018-05-31T07:23:00","slug":"cesky-rozhlas-ostrava","status":"publish","type":"post","link":"https:\/\/2018.ostravskamuzejninoc.cz\/cs\/cesky-rozhlas-ostrava\/","title":{"rendered":"\u010cesk\u00fd rozhlas Ostrava"},"content":{"rendered":"<p><\/p>\n<h1>\u010cesk\u00fd rozhlas Ostrava<img loading=\"lazy\" class=\"alignright\" src=\"https:\/\/2014.ostravskamuzejninoc.cz\/wp-content\/uploads\/2014\/05\/CRo-Ostrava-H-WHITE-300x110.png\" alt=\"CRo-Ostrava-H-WHITE\" width=\"200\" height=\"80\" \/><\/h1>\n<ul>\n<li>18.00-24.00<\/li>\n<\/ul>\n<p><strong>Prohl\u00eddka \u010cesk\u00e9ho rozhlasu Ostrava<\/strong><\/p>\n<p>Zaj\u00edm\u00e1 v\u00e1s, co v\u0161echno se skr\u00fdv\u00e1 za\u00a0p\u0159\u00edpravou programu vys\u00edl\u00e1n\u00ed a\u00a0jak vypad\u00e1 pr\u00e1ce moder\u00e1tor\u016f? \u010cesk\u00fd rozhlas Ostrava i\u00a0letos b\u011bhem Ostravsk\u00e9 muzejn\u00ed noci otev\u0159e sv\u00e9 dve\u0159e. P\u0159ij\u010fte se proj\u00edt re\u017ei\u00ed, vys\u00edlac\u00edm studiem i\u00a0legend\u00e1rn\u00edm hudebn\u00edm Studiem 1, ve\u00a0kter\u00e9m vznikaly nahr\u00e1vky V\u011bry \u0160pinarov\u00e9, Hany Zagorov\u00e9, Marie Rottrov\u00e9, Karla Kryla, ale tak\u00e9 p\u00edsn\u011b skupiny Buty, Kry\u0161tof a\u00a0Fleret. Budete moci sledovat vys\u00edl\u00e1n\u00ed \u010cesk\u00e9ho rozhlasu Ostrava, prohl\u00e9dnout si rozhlasovou techniku, namluvit do\u00a0mikrofonu zpr\u00e1vu a\u00a0vyfotit se za\u00a0mikrofonem ve\u00a0fotokoutku. Prohl\u00eddky jsou mo\u017en\u00e9 bez rezervace. P\u0159ipraven bude hudebn\u00ed program ve\u00a0Studiu\u00a01, sout\u011b\u017ee o\u00a0zaj\u00edmav\u00e9 ceny, prohl\u00eddka p\u0159enosov\u00e9ho vozu i\u00a0informace o\u00a0digit\u00e1ln\u00edm vys\u00edl\u00e1n\u00ed.<\/p>\n<ul>\n<li>18.00\u201324.00<\/li>\n<\/ul>\n<p><strong>Hudebn\u00ed program ve Studiu 1<\/strong><\/p>\n<p>Legend\u00e1rn\u00ed rozhlasov\u00e9 studio tentokr\u00e1t rozezn\u00ed sv\u011b\u017e\u00ed jazzov\u00e9 melodie mlad\u00e9 kapely The JazzCake. Skupina pot\u011b\u0161\u00ed tvorbou na vln\u00e1ch jazzu i swingu.<br \/>\nV\u00a0druh\u00e9 \u010d\u00e1sti ve\u010dera bude n\u00e1sledovat kontaktn\u00ed po\u0159ad pro fanou\u0161ky oldies. N\u00e1v\u0161t\u011bvn\u00edk\u016fm se bude v\u011bnovat hudebn\u00ed redaktor \u010cesk\u00e9ho rozhlasu Ostrava Ji\u0159\u00ed Tieftrunk. K\u00a0poslechu nab\u00eddne p\u00edsn\u011b zapsan\u00e9 v\u00a0historii rocku a popu ve zn\u00e1m\u00fdch verz\u00edch, ale tak\u00e9 v\u00a0p\u016fvodn\u00edch nahr\u00e1vk\u00e1ch, a tak\u00e9 p\u00edsn\u011b, kter\u00e9 jinde jen tak neusly\u0161\u00edte. Odborn\u00edk na hudebn\u00ed historii Ji\u0159\u00ed Tieftrunk pro v\u00e1s bude k\u00a0dispozici a\u017e do p\u016flnoci.<\/p>\n<ul>\n<li>18.00\u201324.00<\/li>\n<\/ul>\n<p><strong>Koutek pro d\u011bti<\/strong><\/p>\n<p>Vedle prohl\u00eddky rozhlasov\u00fdch prostor se d\u011bti mohou j\u00edt pod\u00edvat do\u00a0na\u0161eho rozhlasov\u00e9ho koutku, kde se uskute\u010dn\u00ed sout\u011b\u017ee a\u00a0do\u010dasn\u00e9 tetov\u00e1n\u00ed pro d\u011bti i\u00a0pro rodi\u010de.<\/p>\n<p>B\u011bhem cel\u00e9ho ve\u010dera budete moci poslouchat v\u00a0na\u0161em vys\u00edl\u00e1n\u00ed, jak rozhlasov\u00e1 Ostravsk\u00e1 muzejn\u00ed noc prob\u00edh\u00e1 a\u00a0co se u\u00a0n\u00e1s pr\u00e1v\u011b d\u011bje. Nala\u010fte si n\u00e1s na\u00a0frekvenc\u00edch: Region 99.0 FM, Ostrava 107.3 FM, T\u011b\u0161\u00ednsko 105.3 FM, Opavsko 102.6 FM a\u00a0Brunt\u00e1lsko 95.5 FM.<br \/>\nP\u0159ij\u010fte \u010cesk\u00e9mu rozhlasu Ostrava nahl\u00e9dnout pod pokli\u010dku!<\/p>\n<h5><\/h5>\n<h4>KONTAKT:<\/h4>\n<p align=\"left\">\u010cesk\u00fd rozhlas Ostrava<br \/>\nDr. \u0160merala 2, Ostrava<br \/>\n<a href=\"mailto:%20info.ostrava@rozhlas.cz\" target=\"_blank\" rel=\"noopener noreferrer\">info.ostrava@rozhlas.cz<br \/>\n<\/a><a href=\"https:\/\/www.ostrava.rozhlas.cz\/\" target=\"_blank\" rel=\"noopener noreferrer\">www.ostrava.rozhlas.cz<\/a><a href=\"https:\/\/www.ostrava.rozhlas.cz\/\" target=\"_blank\" rel=\"noopener noreferrer\"><br \/>\n<\/a>T +420 596 203 111<\/p>\n<p align=\"left\"><a class=\"fancybox image\" href=\"https:\/\/2017.ostravskamuzejninoc.cz\/wp-content\/uploads\/2017\/05\/cro_2016.jpg\"><img loading=\"lazy\" class=\"alignnone size-thumbnail wp-image-506\" src=\"https:\/\/2017.ostravskamuzejninoc.cz\/wp-content\/uploads\/2017\/05\/cro_2016-420x315.jpg\" sizes=\"(max-width: 420px) 100vw, 420px\" srcset=\"https:\/\/2017.ostravskamuzejninoc.cz\/wp-content\/uploads\/2017\/05\/cro_2016-420x315.jpg 420w, https:\/\/2017.ostravskamuzejninoc.cz\/wp-content\/uploads\/2017\/05\/cro_2016-744x558.jpg 744w, https:\/\/2017.ostravskamuzejninoc.cz\/wp-content\/uploads\/2017\/05\/cro_2016-768x576.jpg 768w, https:\/\/2017.ostravskamuzejninoc.cz\/wp-content\/uploads\/2017\/05\/cro_2016-184x138.jpg 184w, https:\/\/2017.ostravskamuzejninoc.cz\/wp-content\/uploads\/2017\/05\/cro_2016.jpg 800w\" alt=\"\" width=\"420\" height=\"315\" \/><\/a><\/p>\n<p><\/p>","protected":false},"excerpt":{"rendered":"<p> &hellip;<\/p>\n","protected":false},"author":1,"featured_media":238,"comment_status":"closed","ping_status":"closed","sticky":false,"template":"","format":"standard","meta":[],"categories":[3],"tags":[],"_links":{"self":[{"href":"https:\/\/2018.ostravskamuzejninoc.cz\/cs\/wp-json\/wp\/v2\/posts\/233"}],"collection":[{"href":"https:\/\/2018.ostravskamuzejninoc.cz\/cs\/wp-json\/wp\/v2\/posts"}],"about":[{"href":"https:\/\/2018.ostravskamuzejninoc.cz\/cs\/wp-json\/wp\/v2\/types\/post"}],"author":[{"embeddable":true,"href":"https:\/\/2018.ostravskamuzejninoc.cz\/cs\/wp-json\/wp\/v2\/users\/1"}],"replies":[{"embeddable":true,"href":"https:\/\/2018.ostravskamuzejninoc.cz\/cs\/wp-json\/wp\/v2\/comments?post=233"}],"version-history":[{"count":10,"href":"https:\/\/2018.ostravskamuzejninoc.cz\/cs\/wp-json\/wp\/v2\/posts\/233\/revisions"}],"predecessor-version":[{"id":804,"href":"https:\/\/2018.ostravskamuzejninoc.cz\/cs\/wp-json\/wp\/v2\/posts\/233\/revisions\/804"}],"wp:featuredmedia":[{"embeddable":true,"href":"https:\/\/2018.ostravskamuzejninoc.cz\/cs\/wp-json\/wp\/v2\/media\/238"}],"wp:attachment":[{"href":"https:\/\/2018.ostravskamuzejninoc.cz\/cs\/wp-json\/wp\/v2\/media?parent=233"}],"wp:term":[{"taxonomy":"category","embeddable":true,"href":"https:\/\/2018.ostravskamuzejninoc.cz\/cs\/wp-json\/wp\/v2\/categories?post=233"},{"taxonomy":"post_tag","embeddable":true,"href":"https:\/\/2018.ostravskamuzejninoc.cz\/cs\/wp-json\/wp\/v2\/tags?post=233"}],"curies":[{"name":"wp","href":"https:\/\/api.w.org\/{rel}","templated":true}]}}