{"id":239,"date":"2018-05-03T13:15:09","date_gmt":"2018-05-03T11:15:09","guid":{"rendered":"http:\/\/ostravskamuzejninoc.cz\/2018\/?p=239"},"modified":"2018-05-14T21:29:41","modified_gmt":"2018-05-14T19:29:41","slug":"vystavni-sin-sokolska-26","status":"publish","type":"post","link":"https:\/\/2018.ostravskamuzejninoc.cz\/en\/vystavni-sin-sokolska-26\/","title":{"rendered":"Exhibition Hall Sokolsk\u00e1 26"},"content":{"rendered":"<p><\/p>\n<h1>Exhibition Hall Sokolsk\u00e1 26<\/h1>\n<p>Exhibition Hall Sokolsk\u00e1 26, which is run by the Centre for Culture and Education Moravian Ostrava, contributory organization of the City District Moravian Ostrava and P\u0159\u00edvoz, started its activities in 1993. As its name suggests it is located on avenue Sokolsk\u00e1 26 on the first floor of a historic villa. Its dramaturgy presents significant and indisputable art personalities that create and uphold the concept of the contemporary Czech art scene. Not only works by many leading Czech and foreign artists are presented there but also group exhibitions of mostly young artists from different regions are organised here. The curator of the exhibitions is Ing. Milan Weber.<\/p>\n<ul>\n<li>16.00\u201323.00<\/li>\n<\/ul>\n<p><strong>Free entry to expositions<\/strong><\/p>\n<h4>JI\u0158\u00cd VALENTA (1936\u20131991)<\/h4>\n<p>Ji\u0159\u00ed Valenta was one of important representatives of a radical stream of Czech structural abstraction of the 60s (together with Jan Koblasa, Ale\u0161 Vesel\u00fd, and Zby\u0161ek Sion). His principals sources were polarization of the existential level (manifested by direct modifications into a relief of amorphous matter) and transcendental (displayed by organization of basic geometric shapes and internal enlightening). After having emigrated in 1968 his work got even more enlightened and spiritual in freely continuing work of Czech medieval masters such as Master Theodorik and Master of the T\u0159ebo\u0148 altarpiece.<\/p>\n<ul>\n<li>17.00\u201318.00<\/li>\n<\/ul>\n<p><strong>A performance by Adolf Dudek<\/strong><\/p>\n<ul>\n<li>18.00\u201320.00<\/li>\n<\/ul>\n<p><strong>Face painting<\/strong><\/p>\n<ul>\n<li>18.00\u201320.00<\/li>\n<\/ul>\n<p><strong>Art madness at Sokolsk\u00e1<\/strong><\/p>\n<p>During Ji\u0159\u00ed Valenta\u2019s expositions fun art and craft activities focused on play and enjoying art will be prepared within Exhibition Hall Sokolsk\u00e1 26. During Ostrava Museum Night you\u2019ll see that in order to create an original piece of art you won\u2019t need a brush, nor a spatula. You\u2019re going to use your creativity, paper and ordinary objects of everyday life. Both talented AND untalented are all cordially invited.<\/p>\n<ul>\n<li>20.00\u201321.00<\/li>\n<li>21.00\u201322.00<\/li>\n<\/ul>\n<p>Workshop of encaustic painting<\/p>\n<p>Encaustic painting also known as hot wax painting is a technique from ancient Greece. This method is gaining on popularity for its simplicity. Even absolute beginners can create stunning landscape and abstract motives. Every participant will get their own image on a hardboard desk and other works on glossy paper.<\/p>\n<p>Booking obligatory at <a href=\"https:\/\/www.ostravskamuzejninoc.cz\/\">www.ostravskamuzejninoc.cz<\/a><\/p>\n<h4>CONTACT:<\/h4>\n<p>Centre for Culture and Education Moravian Ostrava, contributory organisation<\/p>\n<p>Exhibition Hall Sokolsk\u00e1 26<\/p>\n<p>Sokolsk\u00e1 t\u0159\u00edda 26<br \/>\n702 00 Ostrava<br \/>\n<a href=\"https:\/\/www.ckv-ostrava.cz\/\" target=\"_blank\" rel=\"noopener noreferrer\">www.ckv-ostrava.cz<\/a><br \/>\n<a href=\"https:\/\/www.sokolska26.cz\/\" target=\"_blank\" rel=\"noopener noreferrer\">www.sokolska26.cz<\/a><br \/>\n<a href=\"mailto:sokolska26@ckv-ostrava.cz\" target=\"_blank\" rel=\"noopener noreferrer\">sokolska26@ckv-ostrava.cz<\/a><br \/>\nPhone +420 596 138 937<\/p>\n<p><a class=\"fancybox image\" href=\"https:\/\/2017.ostravskamuzejninoc.cz\/wp-content\/uploads\/2017\/05\/vila.jpg\"><img loading=\"lazy\" class=\"alignnone size-thumbnail wp-image-503\" src=\"https:\/\/2017.ostravskamuzejninoc.cz\/wp-content\/uploads\/2017\/05\/vila-420x314.jpg\" sizes=\"(max-width: 420px) 100vw, 420px\" srcset=\"https:\/\/2017.ostravskamuzejninoc.cz\/wp-content\/uploads\/2017\/05\/vila-420x314.jpg 420w, https:\/\/2017.ostravskamuzejninoc.cz\/wp-content\/uploads\/2017\/05\/vila-744x557.jpg 744w, https:\/\/2017.ostravskamuzejninoc.cz\/wp-content\/uploads\/2017\/05\/vila-768x575.jpg 768w, https:\/\/2017.ostravskamuzejninoc.cz\/wp-content\/uploads\/2017\/05\/vila-1200x898.jpg 1200w, https:\/\/2017.ostravskamuzejninoc.cz\/wp-content\/uploads\/2017\/05\/vila-184x138.jpg 184w\" alt=\"\" width=\"420\" height=\"314\" \/><\/a><\/p>","protected":false},"excerpt":{"rendered":"<p> &hellip;<\/p>\n","protected":false},"author":1,"featured_media":241,"comment_status":"closed","ping_status":"closed","sticky":false,"template":"","format":"standard","meta":[],"categories":[3],"tags":[],"_links":{"self":[{"href":"https:\/\/2018.ostravskamuzejninoc.cz\/en\/wp-json\/wp\/v2\/posts\/239"}],"collection":[{"href":"https:\/\/2018.ostravskamuzejninoc.cz\/en\/wp-json\/wp\/v2\/posts"}],"about":[{"href":"https:\/\/2018.ostravskamuzejninoc.cz\/en\/wp-json\/wp\/v2\/types\/post"}],"author":[{"embeddable":true,"href":"https:\/\/2018.ostravskamuzejninoc.cz\/en\/wp-json\/wp\/v2\/users\/1"}],"replies":[{"embeddable":true,"href":"https:\/\/2018.ostravskamuzejninoc.cz\/en\/wp-json\/wp\/v2\/comments?post=239"}],"version-history":[{"count":9,"href":"https:\/\/2018.ostravskamuzejninoc.cz\/en\/wp-json\/wp\/v2\/posts\/239\/revisions"}],"predecessor-version":[{"id":536,"href":"https:\/\/2018.ostravskamuzejninoc.cz\/en\/wp-json\/wp\/v2\/posts\/239\/revisions\/536"}],"wp:featuredmedia":[{"embeddable":true,"href":"https:\/\/2018.ostravskamuzejninoc.cz\/en\/wp-json\/wp\/v2\/media\/241"}],"wp:attachment":[{"href":"https:\/\/2018.ostravskamuzejninoc.cz\/en\/wp-json\/wp\/v2\/media?parent=239"}],"wp:term":[{"taxonomy":"category","embeddable":true,"href":"https:\/\/2018.ostravskamuzejninoc.cz\/en\/wp-json\/wp\/v2\/categories?post=239"},{"taxonomy":"post_tag","embeddable":true,"href":"https:\/\/2018.ostravskamuzejninoc.cz\/en\/wp-json\/wp\/v2\/tags?post=239"}],"curies":[{"name":"wp","href":"https:\/\/api.w.org\/{rel}","templated":true}]}}