{"id":134,"date":"2018-05-03T09:06:49","date_gmt":"2018-05-03T07:06:49","guid":{"rendered":"http:\/\/ostravskamuzejninoc.cz\/2018\/?p=134"},"modified":"2018-05-24T14:03:27","modified_gmt":"2018-05-24T12:03:27","slug":"radnice-mesta-ostravy","status":"publish","type":"post","link":"https:\/\/2018.ostravskamuzejninoc.cz\/pl\/radnice-mesta-ostravy\/","title":{"rendered":"Ratusz Miasta Ostrawy"},"content":{"rendered":"<p><\/p>\n<h1>Ratusz Miasta Ostrawy<\/h1>\n<h1><a href=\"https:\/\/ostrava.cz\"><img loading=\"lazy\" class=\"wp-image-228 alignright\" src=\"https:\/\/2018.ostravskamuzejninoc.cz\/\/wp-content\/uploads\/2018\/05\/ostrava_100_let-300x79.png\" alt=\"\" width=\"200\" height=\"53\" srcset=\"https:\/\/2018.ostravskamuzejninoc.cz\/wp-content\/uploads\/2018\/05\/ostrava_100_let-300x79.png 300w, https:\/\/2018.ostravskamuzejninoc.cz\/wp-content\/uploads\/2018\/05\/ostrava_100_let-295x78.png 295w, https:\/\/2018.ostravskamuzejninoc.cz\/wp-content\/uploads\/2018\/05\/ostrava_100_let.png 319w\" sizes=\"(max-width: 200px) 100vw, 200px\" \/><\/a><\/h1>\n<p>Tegoroczna edycja\u00a0 Ostrawskiej Nocy Muze\u00f3w b\u0119dzie uroczy\u015bcie rozpocz\u0119ta o godz. 18.00 na placu Proke\u0161a w obecno\u015bci prezydenta miasta\u00a0 Tomasza Macury. Uczestnicy spotkania mog\u0105 w\u0142\u0105czy\u0107 si\u0119 w uroczysto\u015b\u0107 poprzez gwizdanie na odpustowych dmuchawkach, kt\u00f3rych brzmienie\u00a0 zagai uroczyste rozpocz\u0119cie imprezy. Do tej corocznie ulubionej akcji miasto w\u0142\u0105cza si\u0119 tradycyjnie zwiedzaniem pomieszcze\u0144 ratusza w nietradycyjnym czasie, nocn\u0105 panoram\u0105 miasta z wie\u017cy ratusza i rozrywkowym programem towarzysz\u0105cym na placu Proke\u0161a pt. \u201ePod znakiem bia\u0142ego konia\u201c, na kt\u00f3ry zaprosi Pa\u0144stwa ju\u017c o godz. 17.30 prowadz\u0105cy imprez\u0119 Robert Galia.<\/p>\n<ul>\n<li>17.30\u201318.00<a href=\"https:\/\/ostravainfo.cz\"><img loading=\"lazy\" class=\"wp-image-229 alignright\" src=\"https:\/\/2018.ostravskamuzejninoc.cz\/\/wp-content\/uploads\/2018\/05\/ostrava_info-300x79.png\" alt=\"\" width=\"200\" height=\"53\" srcset=\"https:\/\/2018.ostravskamuzejninoc.cz\/wp-content\/uploads\/2018\/05\/ostrava_info-300x79.png 300w, https:\/\/2018.ostravskamuzejninoc.cz\/wp-content\/uploads\/2018\/05\/ostrava_info-295x78.png 295w, https:\/\/2018.ostravskamuzejninoc.cz\/wp-content\/uploads\/2018\/05\/ostrava_info.png 319w\" sizes=\"(max-width: 200px) 100vw, 200px\" \/><\/a><\/li>\n<\/ul>\n<p><strong>Odpustowe dmuchawki rozpoczn\u0105 Ostrawsk\u0105 Noc Muze\u00f3w\u00a0 2018! (plac Proke\u0161a)<\/strong><br \/>\nDok\u0142adnie o godz. 18 dzieci oraz prezydent miasta Tomasz Macura uroczy\u015bcie rozpoczn\u0105 festiwal zbiorowym dmuchaniem do dmuchawek.<\/p>\n<ul>\n<li>18.00\u201323.00<\/li>\n<\/ul>\n<p><strong>Historyzuj\u0105ca Ostrawska Noc Muze\u00f3w lub &#8222;Stara Ostrawa opowiada&#8221; (plac Proke\u0161a)<\/strong><\/p>\n<p>Zapraszamy do zabawy i zyskania wiadomo\u015bci o historii naszego miasta, kt\u00f3re w tym roku b\u0119dzie obchodzi\u0107\u00a0 750 lat od pojawienia si\u0119 pierwszej wzmianki o jego istnieniu. Zas\u0142uchajcie si\u0119 Pa\u0144stwo w romantyczn\u0105 muzyk\u0119 grupy muzycznej \u201eCalata\u201d i w\u017cyjcie si\u0119 z nami w to, jak \u017cy\u0142o si\u0119 w naszym mie\u015bcie przed kilkoma wiekami.<\/p>\n<p>Dzieci mog\u0105 zobaczy\u0107 prawdziw\u0105 \u015bredniowieczn\u0105 izb\u0119 tortur i w\u0142\u0105czy\u0107 si\u0119 do turnieju pazi\u00f3w. Pa\u0144stwo mog\u0105 posmakowa\u0107 atmosfery turniej\u00f3w rycerskich lub nauczy\u0107 si\u0119 uwodzicielskiego ta\u0144ca markietanek. Na zako\u0144czenie programu zabrzmi\u0105 historyczne evergreeny w wykonaniu zespo\u0142u \u201e Klimkovick\u00e9 p\u011bnice\u201d.<\/p>\n<p>To wszysto pod go\u0142ym niebem z dobr\u0105 kaw\u0105 i doskona\u0142ymi przek\u0105skami z kawiarnianego i restauracyjnego food trucku.<\/p>\n<ul>\n<li>17.30\u201321.00<\/li>\n<\/ul>\n<p><strong>Program dla dzieci z o\u015brodk\u00f3w czasu wolnego w Ostrawie (plac Proke\u0161a)<\/strong><br \/>\nTw\u00f3rczy wiecz\u00f3r dla dzieci. Zabawa z pedagogami o\u015brodk\u00f3w czasu wolnego w Ostrawie.<\/p>\n<p>Od godz 18.00 do 21.00 odb\u0119dzie si\u0119 wielki konkurs o Wenus Pet\u0159kowickiej.<\/p>\n<ul>\n<li>18.30-23.00<\/li>\n<\/ul>\n<p>Zwiedzanie reprezentacyjnych pomieszcze\u0144 budynku ratusza miasta Ostrawy.<br \/>\nGrupowe zwiedzanie z przewodnikiem pomieszcze\u0144 ratusza \u0142\u0105cznie z pracowni\u0105 prezydenta, ostatnie wej\u015bcie o godz. 23.<\/p>\n<h4>Kontakt<\/h4>\n<p>Magistr\u00e1t m\u011bsta Ostravy,<br \/>\nProke\u0161ovo n\u00e1m. 8,<br \/>\n729 30 Ostrava<\/p>\n<p><a href=\"https:\/\/www.ostrava.cz\" target=\"_blank\" rel=\"noopener\">www.ostrava.cz<\/a>, <a href=\"https:\/\/www.ostravainfo.cz\" target=\"_blank\" rel=\"noopener\">www.ostravainfo.cz<\/a>,<\/p>\n<p>T +420 596\u00a0281\u00a0111<br \/>\n+420 599\u00a0443 096<\/p>\n<figure class=\"gallery-item\">\n<div class=\"gallery-icon landscape\"><a class=\"fancybox image\" href=\"https:\/\/2017.ostravskamuzejninoc.cz\/wp-content\/uploads\/2017\/05\/prokesovo_namesti.jpg\" rel=\"gallery-0\"><img loading=\"lazy\" class=\"attachment-medium size-medium\" src=\"https:\/\/2017.ostravskamuzejninoc.cz\/wp-content\/uploads\/2017\/05\/prokesovo_namesti-744x496.jpg\" sizes=\"(max-width: 744px) 100vw, 744px\" srcset=\"https:\/\/2017.ostravskamuzejninoc.cz\/wp-content\/uploads\/2017\/05\/prokesovo_namesti-744x496.jpg 744w, https:\/\/2017.ostravskamuzejninoc.cz\/wp-content\/uploads\/2017\/05\/prokesovo_namesti-420x280.jpg 420w, https:\/\/2017.ostravskamuzejninoc.cz\/wp-content\/uploads\/2017\/05\/prokesovo_namesti-768x512.jpg 768w, https:\/\/2017.ostravskamuzejninoc.cz\/wp-content\/uploads\/2017\/05\/prokesovo_namesti-184x123.jpg 184w, https:\/\/2017.ostravskamuzejninoc.cz\/wp-content\/uploads\/2017\/05\/prokesovo_namesti.jpg 800w\" alt=\"\" width=\"744\" height=\"496\" \/><\/a><\/div>\n<\/figure>\n<figure class=\"gallery-item\">\n<div class=\"gallery-icon landscape\"><a class=\"fancybox image\" href=\"https:\/\/2017.ostravskamuzejninoc.cz\/wp-content\/uploads\/2017\/05\/prokesovo_namesti2.jpg\" rel=\"gallery-0\"><img loading=\"lazy\" class=\"attachment-medium size-medium\" src=\"https:\/\/2017.ostravskamuzejninoc.cz\/wp-content\/uploads\/2017\/05\/prokesovo_namesti2-744x496.jpg\" sizes=\"(max-width: 744px) 100vw, 744px\" srcset=\"https:\/\/2017.ostravskamuzejninoc.cz\/wp-content\/uploads\/2017\/05\/prokesovo_namesti2-744x496.jpg 744w, https:\/\/2017.ostravskamuzejninoc.cz\/wp-content\/uploads\/2017\/05\/prokesovo_namesti2-420x280.jpg 420w, https:\/\/2017.ostravskamuzejninoc.cz\/wp-content\/uploads\/2017\/05\/prokesovo_namesti2-768x512.jpg 768w, https:\/\/2017.ostravskamuzejninoc.cz\/wp-content\/uploads\/2017\/05\/prokesovo_namesti2-184x123.jpg 184w, https:\/\/2017.ostravskamuzejninoc.cz\/wp-content\/uploads\/2017\/05\/prokesovo_namesti2.jpg 800w\" alt=\"\" width=\"744\" height=\"496\" \/><\/a><\/div>\n<\/figure>\n<p><\/p>","protected":false},"excerpt":{"rendered":"<p> &hellip;<\/p>\n","protected":false},"author":1,"featured_media":136,"comment_status":"closed","ping_status":"closed","sticky":false,"template":"","format":"standard","meta":[],"categories":[3],"tags":[],"_links":{"self":[{"href":"https:\/\/2018.ostravskamuzejninoc.cz\/pl\/wp-json\/wp\/v2\/posts\/134"}],"collection":[{"href":"https:\/\/2018.ostravskamuzejninoc.cz\/pl\/wp-json\/wp\/v2\/posts"}],"about":[{"href":"https:\/\/2018.ostravskamuzejninoc.cz\/pl\/wp-json\/wp\/v2\/types\/post"}],"author":[{"embeddable":true,"href":"https:\/\/2018.ostravskamuzejninoc.cz\/pl\/wp-json\/wp\/v2\/users\/1"}],"replies":[{"embeddable":true,"href":"https:\/\/2018.ostravskamuzejninoc.cz\/pl\/wp-json\/wp\/v2\/comments?post=134"}],"version-history":[{"count":3,"href":"https:\/\/2018.ostravskamuzejninoc.cz\/pl\/wp-json\/wp\/v2\/posts\/134\/revisions"}],"predecessor-version":[{"id":755,"href":"https:\/\/2018.ostravskamuzejninoc.cz\/pl\/wp-json\/wp\/v2\/posts\/134\/revisions\/755"}],"wp:featuredmedia":[{"embeddable":true,"href":"https:\/\/2018.ostravskamuzejninoc.cz\/pl\/wp-json\/wp\/v2\/media\/136"}],"wp:attachment":[{"href":"https:\/\/2018.ostravskamuzejninoc.cz\/pl\/wp-json\/wp\/v2\/media?parent=134"}],"wp:term":[{"taxonomy":"category","embeddable":true,"href":"https:\/\/2018.ostravskamuzejninoc.cz\/pl\/wp-json\/wp\/v2\/categories?post=134"},{"taxonomy":"post_tag","embeddable":true,"href":"https:\/\/2018.ostravskamuzejninoc.cz\/pl\/wp-json\/wp\/v2\/tags?post=134"}],"curies":[{"name":"wp","href":"https:\/\/api.w.org\/{rel}","templated":true}]}}