{"id":233,"date":"2018-05-03T13:07:09","date_gmt":"2018-05-03T11:07:09","guid":{"rendered":"http:\/\/ostravskamuzejninoc.cz\/2018\/?p=233"},"modified":"2018-05-31T09:23:00","modified_gmt":"2018-05-31T07:23:00","slug":"cesky-rozhlas-ostrava","status":"publish","type":"post","link":"https:\/\/2018.ostravskamuzejninoc.cz\/pl\/cesky-rozhlas-ostrava\/","title":{"rendered":"Czeskie Radio Ostrawa"},"content":{"rendered":"<p><\/p>\n<h1>Czeskie Radio Ostrawa<\/h1>\n<h1><img loading=\"lazy\" class=\"alignright\" src=\"https:\/\/2014.ostravskamuzejninoc.cz\/wp-content\/uploads\/2014\/05\/CRo-Ostrava-H-WHITE-300x110.png\" alt=\"CRo-Ostrava-H-WHITE\" width=\"200\" height=\"80\" \/><\/h1>\n<ul>\n<li>18.00-24.00<\/li>\n<\/ul>\n<p><strong>Wiadomo\u015bci o aktualnych wydarzeniach w naszym regionie, transmisje, programy muzyczne i reporta\u017ce.<\/strong><\/p>\n<p>Czy interesuje Pa\u0144stwa jak rozg\u0142o\u015bnia emituje swe programy i jak je przygotowuje? Zapraszamy tak\u017ce w tym roku do zwiedzania pomieszcze\u0144 Czeskiego Radia Ostrawa, kt\u00f3re z budynku na ul. \u0160merala ju\u017c 80 lat przynosi zabaw\u0119, nauk\u0119, muzyk\u0119 i s\u0142owo m\u00f3wione.<\/p>\n<p style=\"margin: 0cm; margin-bottom: .0001pt;\"><span style=\"font-size: 11.5pt; font-family: 'OOPSRegular','serif'; color: white; background: black;\">Mog\u0105 Pa\u0144stwo zwiedzi\u0107 Studio\u00a0 1, w kt\u00f3rym powsta\u0142y legendarne nagrania V\u011bry \u0160pinarowej, Hany Zagorowej, Marii Rottrowej, jak i piosenki grupy Buty, Kry\u0161tof lub Karla Kryla. B\u0119d\u0105 Pa\u0144stwo mogli obserwowa\u0107 emisj\u0119 programu na \u017cywo Czeskiego Radia w Ostrawie<\/span>, zapozna\u0107 si\u0119 z kompletem techniki radiowej\u00a0 lub zrobi\u0107 fotografi\u0119 zza mikrofonu czy za pulpitem re\u017cysera d\u017awi\u0119ku w studio. Zwiedzanie ka\u017cdego roku cieszy si\u0119 du\u017cym wzi\u0119ciem, dlatego b\u0119dzie mo\u017cna obserwowa\u0107 zwiedzanie w przyleg\u0142ych pomieszczeniach Studia 1 i bez rezerwacji.<\/p>\n<ul>\n<li>18.00\u201324.00<\/li>\n<\/ul>\n<p>B\u0119dzie przygotowany dla Pa\u0144stwa ciekawy muzyczny i cz\u0119\u015bciowo taneczny program. W Studiu 1 zabrzmi\u0105 tony cymba\u0142\u00f3w, tw\u00f3rczo\u015b\u0107 w\u0142asna ostrawskiego piosenkarza, a tak\u017ce zagraj\u0105 studenci Wydzia\u0142u Sztuki Uniwersytetu Ostrawskiego w Ostrawie.<\/p>\n<p>Mo\u017cecie si\u0119 Pa\u0144stwo cieszy\u0107 tak\u017ce na konkursy i ciekawe nagrody.<\/p>\n<ul>\n<li>18.00\u201324.00<\/li>\n<\/ul>\n<p><strong>K\u0105cik dla dzieci<\/strong><\/p>\n<p>Obok zwiedzania pomieszcze\u0144 radiowych dzieci b\u0119d\u0105 mog\u0142y zajrze\u0107 do naszego radiowego k\u0105cika, gdzie przebiegnie ulubione malowanie na twarzy.<\/p>\n<p>W ci\u0105gu ca\u0142ego wieczora b\u0119d\u0105 Pa\u0144stwo mogli s\u0142ucha\u0107 w naszym programie, jak radiowa Ostrawska Noc Muze\u00f3w przebiega, i co u nas w\u0142a\u015bnie si\u0119 dzieje. Prosimy nastawi\u0107 odbiorniki radiowe na\u00a0 frekwencjach: Ostrava 107.3 FM, Vala\u0161sk\u00e9 Mezi\u0159\u00ed\u010d\u00ed 99.0 FM, T\u011b\u0161\u00ednsko 105.3 FM, Opavsko 102.6 FM a Brunt\u00e1lsko 95.5 FM.<\/p>\n<p>Zapraszamy do Czeskiego Radia, poka\u017cemy wszystko co jest wewn\u0105trz!<\/p>\n<h4>KONTAKT:<\/h4>\n<p align=\"left\">\u010cesk\u00fd rozhlas Ostrava<br \/>\nDr. \u0160merala 2, Ostrava<br \/>\n<a href=\"mailto:%20info.ostrava@rozhlas.cz\" target=\"_blank\" rel=\"noopener noreferrer\">info.ostrava@rozhlas.cz<br \/>\n<\/a><a href=\"https:\/\/www.ostrava.rozhlas.cz\/\" target=\"_blank\" rel=\"noopener noreferrer\">www.ostrava.rozhlas.cz<\/a><a href=\"https:\/\/www.ostrava.rozhlas.cz\/\" target=\"_blank\" rel=\"noopener noreferrer\"><br \/>\n<\/a>T +420 596 203 111<\/p>\n<p align=\"left\"><a class=\"fancybox image\" href=\"https:\/\/2017.ostravskamuzejninoc.cz\/wp-content\/uploads\/2017\/05\/cro_2016.jpg\"><img loading=\"lazy\" class=\"alignnone size-thumbnail wp-image-506\" src=\"https:\/\/2017.ostravskamuzejninoc.cz\/wp-content\/uploads\/2017\/05\/cro_2016-420x315.jpg\" sizes=\"(max-width: 420px) 100vw, 420px\" srcset=\"https:\/\/2017.ostravskamuzejninoc.cz\/wp-content\/uploads\/2017\/05\/cro_2016-420x315.jpg 420w, https:\/\/2017.ostravskamuzejninoc.cz\/wp-content\/uploads\/2017\/05\/cro_2016-744x558.jpg 744w, https:\/\/2017.ostravskamuzejninoc.cz\/wp-content\/uploads\/2017\/05\/cro_2016-768x576.jpg 768w, https:\/\/2017.ostravskamuzejninoc.cz\/wp-content\/uploads\/2017\/05\/cro_2016-184x138.jpg 184w, https:\/\/2017.ostravskamuzejninoc.cz\/wp-content\/uploads\/2017\/05\/cro_2016.jpg 800w\" alt=\"\" width=\"420\" height=\"315\" \/><\/a><\/p>\n<p><\/p>","protected":false},"excerpt":{"rendered":"<p> &hellip;<\/p>\n","protected":false},"author":1,"featured_media":238,"comment_status":"closed","ping_status":"closed","sticky":false,"template":"","format":"standard","meta":[],"categories":[3],"tags":[],"_links":{"self":[{"href":"https:\/\/2018.ostravskamuzejninoc.cz\/pl\/wp-json\/wp\/v2\/posts\/233"}],"collection":[{"href":"https:\/\/2018.ostravskamuzejninoc.cz\/pl\/wp-json\/wp\/v2\/posts"}],"about":[{"href":"https:\/\/2018.ostravskamuzejninoc.cz\/pl\/wp-json\/wp\/v2\/types\/post"}],"author":[{"embeddable":true,"href":"https:\/\/2018.ostravskamuzejninoc.cz\/pl\/wp-json\/wp\/v2\/users\/1"}],"replies":[{"embeddable":true,"href":"https:\/\/2018.ostravskamuzejninoc.cz\/pl\/wp-json\/wp\/v2\/comments?post=233"}],"version-history":[{"count":10,"href":"https:\/\/2018.ostravskamuzejninoc.cz\/pl\/wp-json\/wp\/v2\/posts\/233\/revisions"}],"predecessor-version":[{"id":804,"href":"https:\/\/2018.ostravskamuzejninoc.cz\/pl\/wp-json\/wp\/v2\/posts\/233\/revisions\/804"}],"wp:featuredmedia":[{"embeddable":true,"href":"https:\/\/2018.ostravskamuzejninoc.cz\/pl\/wp-json\/wp\/v2\/media\/238"}],"wp:attachment":[{"href":"https:\/\/2018.ostravskamuzejninoc.cz\/pl\/wp-json\/wp\/v2\/media?parent=233"}],"wp:term":[{"taxonomy":"category","embeddable":true,"href":"https:\/\/2018.ostravskamuzejninoc.cz\/pl\/wp-json\/wp\/v2\/categories?post=233"},{"taxonomy":"post_tag","embeddable":true,"href":"https:\/\/2018.ostravskamuzejninoc.cz\/pl\/wp-json\/wp\/v2\/tags?post=233"}],"curies":[{"name":"wp","href":"https:\/\/api.w.org\/{rel}","templated":true}]}}