{"id":261,"date":"2018-05-03T14:05:46","date_gmt":"2018-05-03T12:05:46","guid":{"rendered":"http:\/\/ostravskamuzejninoc.cz\/2018\/?p=261"},"modified":"2018-06-04T09:51:38","modified_gmt":"2018-06-04T07:51:38","slug":"plato","status":"publish","type":"post","link":"https:\/\/2018.ostravskamuzejninoc.cz\/pl\/plato\/","title":{"rendered":"PLATO"},"content":{"rendered":"<p><\/p>\n<h1>PLATO Ostrawa organizacja bud\u017cetowa<\/h1>\n<h1><a href=\"https:\/\/ostravskamuzejninoc.cz\/2018\/wp-content\/uploads\/2018\/05\/PLATO_logo_K.png\"><img loading=\"lazy\" class=\"size-thumbnail wp-image-497 alignright\" src=\"https:\/\/2018.ostravskamuzejninoc.cz\/\/wp-content\/uploads\/2018\/05\/PLATO_logo_K-250x60.png\" alt=\"\" width=\"250\" height=\"60\" \/><\/a><\/h1>\n<p><strong>PLATO od kwietnia tego roku dzia\u0142a w budynku by\u0142ego\u00a0 hobby marketu Bauhaus<\/strong><\/p>\n<p><strong>\u00a0<\/strong><strong>5000 m<sup>2<\/sup> dla sztuki<\/strong><\/p>\n<p><strong>\u00a0<\/strong><\/p>\n<h4><strong>Aktualne wystawy<\/strong><\/h4>\n<p><em>Struktury przej\u015bciowe 1<\/em> (biblioteka, bistro, sklep, dekor)<\/p>\n<p>Arty\u015bci: Julia Grybo\u015b &amp; Barbora Zentkov\u00e1, Milan Houser, Dominika Olszowy, Johana Po\u0161ov\u00e1, Jan \u0160er\u00fdch i laureaci Nagrody Jind\u0159icha Chalupeck\u00e9ho ze zbior\u00f3w Magnus Art<\/p>\n<p><em>Struktury przej\u015bciowe 2<\/em> (ogr\u00f3d, przestrze\u0144 prezentacyjna, szatnie)<\/p>\n<p style=\"margin: 0cm; margin-bottom: .0001pt;\"><span style=\"font-size: 11.5pt; font-family: 'OOPSRegular','serif'; color: white; background: black;\">Arty\u015bci: Julia Grybo\u015b &amp; Barbora Zentkov\u00e1, Milan Houser, Dominika Olszowy, Johana Po\u0161ov\u00e1, Jan \u0160er\u00fdch i laureaci Nagrody Jind\u0159icha Chalupeckiego ze zbior\u00f3w Magnus Art<\/span><\/p>\n<p>&nbsp;<\/p>\n<p>PLATO to galeria miasta Ostrawy. PLATO udost\u0119pnia przestrze\u0144 wszystkim, kt\u00f3rzy chc\u0105 w szerszym kontek\u015bcie zrozumie\u0107 \u015bwiat. Jego z\u0142o\u017cono\u015b\u0107 i bogactwo odbija za po\u015brednictwem wsp\u00f3\u0142czesnej (wizualnej) sztuki. W kontek\u015bcie mi\u0119dzynarodowym i na najwy\u017cszym poziomie.<\/p>\n<p>Budujemy zaplecze instytucji z artystami<br \/>\nEksperyment ze site-specific dzie\u0142ami artystycznymi.<\/p>\n<p>Ko\u0142o 10.000 tom\u00f3w w bibliotece i czytelni<br \/>\nAutorskie meble w bistro\/kawiarni\/barze<br \/>\nWyj\u0105tkowe serie ksi\u0105\u017cek w sklepie<br \/>\nApokalipsa i si\u0142a przyrody w ogrodzie<br \/>\nDzie\u0142a nagrodzonych artyst\u00f3w w otwartym pomieszczeniu<\/p>\n<h4>KONTAKT:<\/h4>\n<p>PLATO Ostrawa organizacja bud\u017cetowa<br \/>\n<strong>Jan\u00e1\u010dkova 22 (b\u00fdval\u00fd hobbymarket Bauhaus v centru)<\/strong><br \/>\n<a href=\"mailto:info@plato-ostrava.cz\">info@plato-ostrava.cz<\/a><br \/>\n<a href=\"https:\/\/www.plato-ostrava.cz\/\" target=\"_blank\" rel=\"noopener noreferrer\">www.plato-ostrava.cz<\/a><br \/>\nT+420 702\u00a0206\u00a0099<\/p>\n<p>&nbsp;<\/p>\n<p><img loading=\"lazy\" class=\"attachment-post-thumbnail \" src=\"https:\/\/2018.ostravskamuzejninoc.cz\/\/wp-content\/uploads\/2018\/05\/Matej_Dolezel_14_4_2018_181_6184-295x203.jpg\" sizes=\"(max-width: 295px) 100vw, 295px\" srcset=\"https:\/\/ostravskamuzejninoc.cz\/2018\/wp-content\/uploads\/2018\/05\/Matej_Dolezel_14_4_2018_181_6184-295x203.jpg 295w, https:\/\/ostravskamuzejninoc.cz\/2018\/wp-content\/uploads\/2018\/05\/Matej_Dolezel_14_4_2018_181_6184-300x207.jpg 300w, https:\/\/ostravskamuzejninoc.cz\/2018\/wp-content\/uploads\/2018\/05\/Matej_Dolezel_14_4_2018_181_6184-768x529.jpg 768w, https:\/\/ostravskamuzejninoc.cz\/2018\/wp-content\/uploads\/2018\/05\/Matej_Dolezel_14_4_2018_181_6184-1024x706.jpg 1024w\" alt=\"\" width=\"257\" height=\"178\" \/>\u00a0 \u00a0 <img loading=\"lazy\" class=\"attachment-post-thumbnail \" src=\"https:\/\/2018.ostravskamuzejninoc.cz\/\/wp-content\/uploads\/2018\/05\/Dolezel_Matej_13_4_2018_181_6226-1-295x197.jpg\" sizes=\"(max-width: 295px) 100vw, 295px\" srcset=\"https:\/\/ostravskamuzejninoc.cz\/2018\/wp-content\/uploads\/2018\/05\/Dolezel_Matej_13_4_2018_181_6226-1-295x197.jpg 295w, https:\/\/ostravskamuzejninoc.cz\/2018\/wp-content\/uploads\/2018\/05\/Dolezel_Matej_13_4_2018_181_6226-1-300x200.jpg 300w, https:\/\/ostravskamuzejninoc.cz\/2018\/wp-content\/uploads\/2018\/05\/Dolezel_Matej_13_4_2018_181_6226-1-768x513.jpg 768w, https:\/\/ostravskamuzejninoc.cz\/2018\/wp-content\/uploads\/2018\/05\/Dolezel_Matej_13_4_2018_181_6226-1-1024x684.jpg 1024w\" alt=\"\" width=\"269\" height=\"179\" \/><\/p>\n<p>&nbsp;<\/p>","protected":false},"excerpt":{"rendered":"<p> &hellip;<\/p>\n","protected":false},"author":1,"featured_media":669,"comment_status":"closed","ping_status":"closed","sticky":false,"template":"","format":"standard","meta":[],"categories":[3],"tags":[],"_links":{"self":[{"href":"https:\/\/2018.ostravskamuzejninoc.cz\/pl\/wp-json\/wp\/v2\/posts\/261"}],"collection":[{"href":"https:\/\/2018.ostravskamuzejninoc.cz\/pl\/wp-json\/wp\/v2\/posts"}],"about":[{"href":"https:\/\/2018.ostravskamuzejninoc.cz\/pl\/wp-json\/wp\/v2\/types\/post"}],"author":[{"embeddable":true,"href":"https:\/\/2018.ostravskamuzejninoc.cz\/pl\/wp-json\/wp\/v2\/users\/1"}],"replies":[{"embeddable":true,"href":"https:\/\/2018.ostravskamuzejninoc.cz\/pl\/wp-json\/wp\/v2\/comments?post=261"}],"version-history":[{"count":21,"href":"https:\/\/2018.ostravskamuzejninoc.cz\/pl\/wp-json\/wp\/v2\/posts\/261\/revisions"}],"predecessor-version":[{"id":825,"href":"https:\/\/2018.ostravskamuzejninoc.cz\/pl\/wp-json\/wp\/v2\/posts\/261\/revisions\/825"}],"wp:featuredmedia":[{"embeddable":true,"href":"https:\/\/2018.ostravskamuzejninoc.cz\/pl\/wp-json\/wp\/v2\/media\/669"}],"wp:attachment":[{"href":"https:\/\/2018.ostravskamuzejninoc.cz\/pl\/wp-json\/wp\/v2\/media?parent=261"}],"wp:term":[{"taxonomy":"category","embeddable":true,"href":"https:\/\/2018.ostravskamuzejninoc.cz\/pl\/wp-json\/wp\/v2\/categories?post=261"},{"taxonomy":"post_tag","embeddable":true,"href":"https:\/\/2018.ostravskamuzejninoc.cz\/pl\/wp-json\/wp\/v2\/tags?post=261"}],"curies":[{"name":"wp","href":"https:\/\/api.w.org\/{rel}","templated":true}]}}