{"id":336,"date":"2018-05-03T15:56:47","date_gmt":"2018-05-03T13:56:47","guid":{"rendered":"http:\/\/ostravskamuzejninoc.cz\/2018\/?p=336"},"modified":"2018-05-31T09:29:25","modified_gmt":"2018-05-31T07:29:25","slug":"dopravni-podnik-ostrava","status":"publish","type":"post","link":"https:\/\/2018.ostravskamuzejninoc.cz\/pl\/dopravni-podnik-ostrava\/","title":{"rendered":"Zak\u0142ad Komunikacji Miejskiej Ostrawa"},"content":{"rendered":"<p><\/p>\n<h1>Zak\u0142ad Komunikacji Miejskiej Ostrawa s. a., Warsztaty Martinov<\/h1>\n<h1><img loading=\"lazy\" class=\"alignright\" src=\"https:\/\/2013.ostravskamuzejninoc.cz\/wp-content\/uploads\/2013\/04\/dpo_logo_2013.png\" alt=\"dpo_logo_2013\" width=\"208\" height=\"53\" \/><\/h1>\n<p><span lang=\"DE\">W czasie Ostrawskiej Nocy Muze\u00f3w Zak\u0142ad Komunikacji Miejskiej Ostrawa tradycyjnie udost\u0119pni depozyt wi\u0119kszo\u015bci zabytkowych tramwaj\u00f3w, znajduj\u0105cy si\u0119 na terenie Warsztat\u00f3w ZKM Ostrawa w Martinowie. Przy tej okazji pokazane zostan\u0105 i inne zabytkowe \u015brodki transportu oraz przedmioty zwi\u0105zane tematycznie z transportem ze zbior\u00f3w zak\u0142adu komunikacji miejskiej.<\/span><\/p>\n<h5 style=\"margin: 0cm; margin-bottom: .0001pt;\"><span lang=\"DE\" style=\"font-family: 'Times New Roman','serif'; color: windowtext;\">\u00a0<\/span><\/h5>\n<ul>\n<li>18.00\u201324.00 <strong>Otwarcie depozytu<\/strong><\/li>\n<\/ul>\n<p>Dla zwiedzaj\u0105cych Ostrawskiej Nocy Muze\u00f3w b\u0119dzie uruchomiony niskopod\u0142ogowy tramwaj od przystanku Warsztaty MZK (D\u00edlny DP Ostrava) do miejsca gdzie b\u0119d\u0105 eksponowane zabytkowe tramwaje.<\/p>\n<p>Ruch pieszy po terenie b\u0119dzie niemo\u017cliwy.<\/p>\n<h4><strong>Jazdy zabytkowych wagon\u00f3w tramwajowych w roku 2018<\/strong><\/h4>\n<pre>14. 7., 28. 7., 18. 8. Wakacyjne kursy zabytkowymi wozami z centrum Ostrawy do ZOO.\r\n\r\n1. 9. Dzie\u0144 otwartych drzwi z programem towarzysz\u0105cym \r\nna terenie warsztat\u00f3w w Ostrawie-Martinowie oraz kursy po Ostrawie.\r\n\r\n15.9. Dzie\u0144 Europejskiego Dziedzictwa\r\n\u2013 kursy zabytkowym tramwajem do Kopalni Micha\u0142\r\n\r\n29. 9. Dzie\u0144 kolei \u2013 kursy zabytkowym tramwajem przez centrum miasta\r\n\r\n6. 10. Rocznica elektryfikacji kolei w dolinie rzeczki Porubki \r\n\u2013 przeja\u017cd\u017cki zabytkowym tramwajem do Z\u00e1ti\u0161\u00ed\r\n\r\n1. 12. Kursy po mie\u015bcie zabytkowymi tramwajami z diab\u0142em i Miko\u0142ajem.<\/pre>\n<h4>KONTAKT<\/h4>\n<p>Zak\u0142ad Komunikacji Miejskiej Ostrawa s. a., Warsztaty Martinov<br \/>\nDopravn\u00ed podnik Ostrava a.s.<br \/>\nMartinovsk\u00e1\u00a03293\/40<br \/>\n723 00 Ostrava-Martinov<br \/>\n<a href=\"mailto:dpored@dpo.cz\" target=\"_blank\" rel=\"noopener noreferrer\">dpored@dpo.cz<\/a><br \/>\n<a href=\"https:\/\/www.dpo.cz\/\" target=\"_blank\" rel=\"noopener noreferrer\">www.dpo.cz<\/a><br \/>\nPhone +420 597 401 140<\/p>\n<div id=\"gallery-1\" class=\"gallery galleryid-416 gallery-columns-3 gallery-size-medium\">\n<figure class=\"gallery-item\">\n<div class=\"gallery-icon landscape\"><a class=\"fancybox image\" href=\"https:\/\/2017.ostravskamuzejninoc.cz\/wp-content\/uploads\/2017\/05\/dpo1.jpg\" rel=\"gallery-0\"><img loading=\"lazy\" class=\"attachment-medium size-medium\" src=\"https:\/\/2017.ostravskamuzejninoc.cz\/wp-content\/uploads\/2017\/05\/dpo1-744x558.jpg\" sizes=\"(max-width: 744px) 100vw, 744px\" srcset=\"https:\/\/2017.ostravskamuzejninoc.cz\/wp-content\/uploads\/2017\/05\/dpo1-744x558.jpg 744w, https:\/\/2017.ostravskamuzejninoc.cz\/wp-content\/uploads\/2017\/05\/dpo1-420x315.jpg 420w, https:\/\/2017.ostravskamuzejninoc.cz\/wp-content\/uploads\/2017\/05\/dpo1-768x576.jpg 768w, https:\/\/2017.ostravskamuzejninoc.cz\/wp-content\/uploads\/2017\/05\/dpo1-184x138.jpg 184w, https:\/\/2017.ostravskamuzejninoc.cz\/wp-content\/uploads\/2017\/05\/dpo1.jpg 800w\" alt=\"\" width=\"744\" height=\"558\" \/><\/a><\/div>\n<\/figure>\n<figure class=\"gallery-item\">\n<div class=\"gallery-icon landscape\"><a class=\"fancybox image\" href=\"https:\/\/2017.ostravskamuzejninoc.cz\/wp-content\/uploads\/2017\/05\/dpo2.jpg\" rel=\"gallery-0\"><img loading=\"lazy\" class=\"attachment-medium size-medium\" src=\"https:\/\/2017.ostravskamuzejninoc.cz\/wp-content\/uploads\/2017\/05\/dpo2-744x558.jpg\" sizes=\"(max-width: 744px) 100vw, 744px\" srcset=\"https:\/\/2017.ostravskamuzejninoc.cz\/wp-content\/uploads\/2017\/05\/dpo2-744x558.jpg 744w, https:\/\/2017.ostravskamuzejninoc.cz\/wp-content\/uploads\/2017\/05\/dpo2-420x315.jpg 420w, https:\/\/2017.ostravskamuzejninoc.cz\/wp-content\/uploads\/2017\/05\/dpo2-768x576.jpg 768w, https:\/\/2017.ostravskamuzejninoc.cz\/wp-content\/uploads\/2017\/05\/dpo2-184x138.jpg 184w, https:\/\/2017.ostravskamuzejninoc.cz\/wp-content\/uploads\/2017\/05\/dpo2.jpg 800w\" alt=\"\" width=\"744\" height=\"558\" \/><\/a><\/div>\n<\/figure>\n<\/div>\n<p><\/p>","protected":false},"excerpt":{"rendered":"<p> &hellip;<\/p>\n","protected":false},"author":1,"featured_media":337,"comment_status":"closed","ping_status":"closed","sticky":false,"template":"","format":"standard","meta":[],"categories":[3],"tags":[],"_links":{"self":[{"href":"https:\/\/2018.ostravskamuzejninoc.cz\/pl\/wp-json\/wp\/v2\/posts\/336"}],"collection":[{"href":"https:\/\/2018.ostravskamuzejninoc.cz\/pl\/wp-json\/wp\/v2\/posts"}],"about":[{"href":"https:\/\/2018.ostravskamuzejninoc.cz\/pl\/wp-json\/wp\/v2\/types\/post"}],"author":[{"embeddable":true,"href":"https:\/\/2018.ostravskamuzejninoc.cz\/pl\/wp-json\/wp\/v2\/users\/1"}],"replies":[{"embeddable":true,"href":"https:\/\/2018.ostravskamuzejninoc.cz\/pl\/wp-json\/wp\/v2\/comments?post=336"}],"version-history":[{"count":15,"href":"https:\/\/2018.ostravskamuzejninoc.cz\/pl\/wp-json\/wp\/v2\/posts\/336\/revisions"}],"predecessor-version":[{"id":808,"href":"https:\/\/2018.ostravskamuzejninoc.cz\/pl\/wp-json\/wp\/v2\/posts\/336\/revisions\/808"}],"wp:featuredmedia":[{"embeddable":true,"href":"https:\/\/2018.ostravskamuzejninoc.cz\/pl\/wp-json\/wp\/v2\/media\/337"}],"wp:attachment":[{"href":"https:\/\/2018.ostravskamuzejninoc.cz\/pl\/wp-json\/wp\/v2\/media?parent=336"}],"wp:term":[{"taxonomy":"category","embeddable":true,"href":"https:\/\/2018.ostravskamuzejninoc.cz\/pl\/wp-json\/wp\/v2\/categories?post=336"},{"taxonomy":"post_tag","embeddable":true,"href":"https:\/\/2018.ostravskamuzejninoc.cz\/pl\/wp-json\/wp\/v2\/tags?post=336"}],"curies":[{"name":"wp","href":"https:\/\/api.w.org\/{rel}","templated":true}]}}