{"id":372,"date":"2018-05-03T16:52:08","date_gmt":"2018-05-03T14:52:08","guid":{"rendered":"http:\/\/ostravskamuzejninoc.cz\/2018\/?p=372"},"modified":"2018-05-31T09:23:42","modified_gmt":"2018-05-31T07:23:42","slug":"stredni-umelecka-skola-ostrava","status":"publish","type":"post","link":"https:\/\/2018.ostravskamuzejninoc.cz\/pl\/stredni-umelecka-skola-ostrava\/","title":{"rendered":"\u015arednia Szko\u0142a Plastyczna Ostrawa"},"content":{"rendered":"<p><\/p>\n<h1>\u015arednia Szko\u0142a Plastyczna Ostrawa<\/h1>\n<h1><img loading=\"lazy\" class=\"alignright\" src=\"https:\/\/2013.ostravskamuzejninoc.cz\/wp-content\/uploads\/2013\/04\/sus_logo.png\" alt=\"sus_logo\" width=\"200\" height=\"100\" \/><\/h1>\n<p>\u015arednia Szko\u0142a Plastyczna Ostrawa jest szko\u0142\u0105 \u015bredni\u0105 o kierunku artystycznym. Szko\u0142a powsta\u0142a w 1990 roku, jako pierwsza szko\u0142a artystyczna w Ostrawskiem. Jej organem za\u0142o\u017cycielskim jest wojew\u00f3dztwo Morawsko-\u015bl\u0105skie. W ramach g\u0142\u00f3wnego kierunku\u00a082\u00a0sztuka oraz sztuka u\u017cytkowa szko\u0142a oferuje mo\u017cliwo\u015b\u0107 studi\u00f3w dziennych na jednym z pi\u0119ciu kierunk\u00f3w: fotografia u\u017cytkowa; media; malarstwo u\u017cytkowe; grafika designu; artystyczne opracowanie ceramiki i porcelany; formowanie wyrob\u00f3w przemys\u0142owych \u2013 przemys\u0142owy design.<\/p>\n<ul>\n<li>17.00\u201324.00<\/li>\n<\/ul>\n<p><strong>Festyn ogrodowy i Dzie\u0144 Otwartych Drzwi<\/strong><\/p>\n<ul>\n<li>17.00\u201324.00<\/li>\n<\/ul>\n<p><strong style=\"font-size: 15px;\">Warsztaty tw\u00f3rcze dla ma\u0142ych i wielkich<\/strong><\/p>\n<p>&#8211; 3D druk wg w\u0142asnego pomys\u0142u<\/p>\n<p>&#8211; &#8222;Rysowane \u015bwiat\u0142em\u201c \u2013 fotogram dla ka\u017cdego<\/p>\n<p>&#8211; artystyczne nadruki na p\u0142\u00f3ciennych torbach<\/p>\n<p>&#8211; dekorowanie ceramiki i porcelany w\u0142asnymi si\u0142ami pod kierunkiem do\u015bwiadczonych garncarzy<\/p>\n<p>&#8211; toczenie na kole garncarskim<\/p>\n<p>&#8211; malowanie sprey&#8217;em<\/p>\n<p>&#8211; produkcja w\u0142asnych przypinek<\/p>\n<p style=\"margin: 0cm; margin-bottom: .0001pt;\"><span style=\"font-size: 11.5pt; font-family: 'OOPSRegular','serif'; color: white; background: black;\">\u2013 designowe \u017cyczenia i ozdoby z papieru ci\u0119tego ploterem<\/span><\/p>\n<p>&#8211; projekcja animowanych prac uczni\u00f3w szko\u0142y<\/p>\n<p>&#8211; BodyArt action \u2013 malowanie cia\u0142a<\/p>\n<p>&#8211; wystawa, muzyka i wiele innych<\/p>\n<p>-&#8222;Wystrzelony krajobraz&#8221; &#8211; malarstwo <em>airsoftowy pistolet<\/em><\/p>\n<p>&nbsp;<\/p>\n<p>Dla zwiedzaj\u0105cych b\u0119dzie we wsp\u00f3\u0142pracy z Fundacj\u0105 \u015aredniej Szko\u0142y Artystycznej ponownie przygotowana wystawa sprzeda\u017cna plastycznych prac uczni\u00f3w &#8211; grafiki, malarstwa, fotografii i ceramiki za doskona\u0142e ceny!<\/p>\n<h4>Kontakt<\/h4>\n<p>\u015arednia Szko\u0142a Plastyczna Ostrawa<br \/>\nSt\u0159edn\u00ed um\u011bleck\u00e1 \u0161kola, Ostrava<br \/>\nPod\u011bbradova 33<br \/>\nMati\u010dn\u00ed 18<br \/>\n702 00 Ostrava<br \/>\n<a href=\"mailto:studijni@sus-ostrava.cz\" target=\"_blank\" rel=\"noopener noreferrer\">studijni@sus-ostrava.cz<\/a><br \/>\n<a href=\"https:\/\/www.sus-ostrava.cz\/\" target=\"_blank\" rel=\"noopener noreferrer\">www.sus-ostrava.cz<\/a><br \/>\nT +420 596 114\u00a0985<\/p>\n<div id=\"gallery-1\" class=\"gallery galleryid-333 gallery-columns-3 gallery-size-medium\">\n<figure class=\"gallery-item\">\n<div class=\"gallery-icon landscape\"><a class=\"fancybox image\" href=\"https:\/\/2017.ostravskamuzejninoc.cz\/wp-content\/uploads\/2017\/05\/2015_sus_budova.jpg\" rel=\"gallery-0\"><img loading=\"lazy\" class=\"attachment-medium size-medium\" src=\"https:\/\/2017.ostravskamuzejninoc.cz\/wp-content\/uploads\/2017\/05\/2015_sus_budova-744x327.jpg\" sizes=\"(max-width: 744px) 100vw, 744px\" srcset=\"https:\/\/2017.ostravskamuzejninoc.cz\/wp-content\/uploads\/2017\/05\/2015_sus_budova-744x327.jpg 744w, https:\/\/2017.ostravskamuzejninoc.cz\/wp-content\/uploads\/2017\/05\/2015_sus_budova-420x185.jpg 420w, https:\/\/2017.ostravskamuzejninoc.cz\/wp-content\/uploads\/2017\/05\/2015_sus_budova-768x338.jpg 768w, https:\/\/2017.ostravskamuzejninoc.cz\/wp-content\/uploads\/2017\/05\/2015_sus_budova-184x81.jpg 184w, https:\/\/2017.ostravskamuzejninoc.cz\/wp-content\/uploads\/2017\/05\/2015_sus_budova.jpg 800w\" alt=\"\" width=\"744\" height=\"327\" \/><\/a><\/div>\n<\/figure>\n<\/div>\n<p>&nbsp;<\/p>","protected":false},"excerpt":{"rendered":"<p> &hellip;<\/p>\n","protected":false},"author":1,"featured_media":373,"comment_status":"closed","ping_status":"closed","sticky":false,"template":"","format":"standard","meta":[],"categories":[3],"tags":[],"_links":{"self":[{"href":"https:\/\/2018.ostravskamuzejninoc.cz\/pl\/wp-json\/wp\/v2\/posts\/372"}],"collection":[{"href":"https:\/\/2018.ostravskamuzejninoc.cz\/pl\/wp-json\/wp\/v2\/posts"}],"about":[{"href":"https:\/\/2018.ostravskamuzejninoc.cz\/pl\/wp-json\/wp\/v2\/types\/post"}],"author":[{"embeddable":true,"href":"https:\/\/2018.ostravskamuzejninoc.cz\/pl\/wp-json\/wp\/v2\/users\/1"}],"replies":[{"embeddable":true,"href":"https:\/\/2018.ostravskamuzejninoc.cz\/pl\/wp-json\/wp\/v2\/comments?post=372"}],"version-history":[{"count":11,"href":"https:\/\/2018.ostravskamuzejninoc.cz\/pl\/wp-json\/wp\/v2\/posts\/372\/revisions"}],"predecessor-version":[{"id":805,"href":"https:\/\/2018.ostravskamuzejninoc.cz\/pl\/wp-json\/wp\/v2\/posts\/372\/revisions\/805"}],"wp:featuredmedia":[{"embeddable":true,"href":"https:\/\/2018.ostravskamuzejninoc.cz\/pl\/wp-json\/wp\/v2\/media\/373"}],"wp:attachment":[{"href":"https:\/\/2018.ostravskamuzejninoc.cz\/pl\/wp-json\/wp\/v2\/media?parent=372"}],"wp:term":[{"taxonomy":"category","embeddable":true,"href":"https:\/\/2018.ostravskamuzejninoc.cz\/pl\/wp-json\/wp\/v2\/categories?post=372"},{"taxonomy":"post_tag","embeddable":true,"href":"https:\/\/2018.ostravskamuzejninoc.cz\/pl\/wp-json\/wp\/v2\/tags?post=372"}],"curies":[{"name":"wp","href":"https:\/\/api.w.org\/{rel}","templated":true}]}}